{"id":1772,"date":"2015-11-22T12:43:50","date_gmt":"2015-11-22T11:43:50","guid":{"rendered":"http:\/\/www.innede.net\/toskanamagazine\/?p=1772"},"modified":"2015-11-22T12:44:06","modified_gmt":"2015-11-22T11:44:06","slug":"alfredo-di-martino","status":"publish","type":"post","link":"https:\/\/www.innede.net\/toskanamagazine\/?p=1772","title":{"rendered":"ALFREDO DI MARTINO"},"content":{"rendered":"<h3><a href=\"https:\/\/toskanamagazine.files.wordpress.com\/2015\/03\/image408.jpg\"><img decoding=\"async\" loading=\"lazy\" class=\"alignnone  wp-image-230\" src=\"https:\/\/toskanamagazine.files.wordpress.com\/2015\/03\/image408.jpg?w=300\" alt=\"image408\" width=\"408\" height=\"216\" \/><\/a><\/h3>\n<h3 style=\"text-align:justify;\"><span style=\"color:#808080;\"><em>La mia amicizia con Chiara Boni mi ha spinto ad accettare il suo invito a Firenze per la sua sfilata di alta moda. In concomitanza del Pitti uomo che impazzava nella citt\u00e0 Fiorentina, feste, ricevimenti \u00e8 ovviamente sfilate.<\/em><\/span><\/h3>\n<h3 style=\"text-align:justify;\"><span style=\"color:#808080;\"><em>Cos\u00ec dopo aver assaporato qualcosa con la mia amata consorte siamo andati alla Dogana per la<\/em> <em>sfilata. Superati i controlli dopo qualche problema con gli accrediti, siamo riusciti finalmente ad entrare. Fremevo dalla voglia di capire \u00e8 vedere.<\/em><\/span><\/h3>\n<h3 style=\"text-align:justify;\"><em><span style=\"color:#000000;\"><span style=\"color:#808080;\">Dopo il reportage con la stampa ai vari ospiti finalmente \u00e8 iniziata la sfilata. Abiti bellissimi, non<\/span> <span style=\"color:#808080;\">credevo a tanta bravura in uno scenario stupendo orchestrato da musiche dell&#8217;ospite Malika Ayane, anche Lei molto bella e molto attraente.<\/span><\/span><\/em><\/h3>\n<h3 style=\"text-align:justify;\"><span style=\"color:#808080;\"><em>Terminata la passerella mentre tutti si avviavano ai buffet, io e la mia dolce, siamo andati nel Backstage per salutare Chiara che aveva un aspetto stupendo, da diva qual \u00e8, dopo i saluti abbiamo fatto altre le foto insieme a lei, non molto belle ma un momento indimenticabile che tra l&#8217;altro ci ha dato l&#8217;occasione di incontrare tanti amici.<\/em><\/span><\/h3>\n<h3 style=\"text-align:justify;\"><span style=\"color:#808080;\"><em>La Petite Robe, il marchio di Chiara Boni sta andando forte negli Stati Uniti, un successo dopo l&#8217;altro. L&#8217;abbiamo invitata a Lucca, la aspettiamo.<\/em><\/span><\/h3>\n<h3 style=\"text-align:justify;\"><span style=\"color:#808080;\"><em>Alfredo Di Martino<\/em><\/span><\/h3>\n<h4><\/h4>\n\n\n","protected":false},"excerpt":{"rendered":"<p>La mia amicizia con Chiara Boni mi ha spinto ad accettare il suo invito a Firenze per la sua sfilata di alta moda. In concomitanza del Pitti uomo che impazzava nella citt\u00e0 Fiorentina, feste, ricevimenti \u00e8 ovviamente sfilate. Cos\u00ec dopo aver assaporato qualcosa con la mia amata consorte siamo andati alla Dogana per la sfilata. Superati i controlli dopo qualche problema con gli accrediti, siamo riusciti finalmente ad entrare. Fremevo dalla voglia di capire \u00e8 vedere. Dopo il reportage con la stampa ai vari ospiti finalmente \u00e8 iniziata la sfilata.<a href=\"https:\/\/www.innede.net\/toskanamagazine\/?p=1772\" class=\"read-more\">Read More<\/a><\/p>\n","protected":false},"author":1,"featured_media":1607,"comment_status":"open","ping_status":"open","sticky":false,"template":"","format":"standard","meta":[],"categories":[2],"tags":[],"_links":{"self":[{"href":"https:\/\/www.innede.net\/toskanamagazine\/index.php?rest_route=\/wp\/v2\/posts\/1772"}],"collection":[{"href":"https:\/\/www.innede.net\/toskanamagazine\/index.php?rest_route=\/wp\/v2\/posts"}],"about":[{"href":"https:\/\/www.innede.net\/toskanamagazine\/index.php?rest_route=\/wp\/v2\/types\/post"}],"author":[{"embeddable":true,"href":"https:\/\/www.innede.net\/toskanamagazine\/index.php?rest_route=\/wp\/v2\/users\/1"}],"replies":[{"embeddable":true,"href":"https:\/\/www.innede.net\/toskanamagazine\/index.php?rest_route=%2Fwp%2Fv2%2Fcomments&post=1772"}],"version-history":[{"count":1,"href":"https:\/\/www.innede.net\/toskanamagazine\/index.php?rest_route=\/wp\/v2\/posts\/1772\/revisions"}],"predecessor-version":[{"id":1773,"href":"https:\/\/www.innede.net\/toskanamagazine\/index.php?rest_route=\/wp\/v2\/posts\/1772\/revisions\/1773"}],"wp:featuredmedia":[{"embeddable":true,"href":"https:\/\/www.innede.net\/toskanamagazine\/index.php?rest_route=\/wp\/v2\/media\/1607"}],"wp:attachment":[{"href":"https:\/\/www.innede.net\/toskanamagazine\/index.php?rest_route=%2Fwp%2Fv2%2Fmedia&parent=1772"}],"wp:term":[{"taxonomy":"category","embeddable":true,"href":"https:\/\/www.innede.net\/toskanamagazine\/index.php?rest_route=%2Fwp%2Fv2%2Fcategories&post=1772"},{"taxonomy":"post_tag","embeddable":true,"href":"https:\/\/www.innede.net\/toskanamagazine\/index.php?rest_route=%2Fwp%2Fv2%2Ftags&post=1772"}],"curies":[{"name":"wp","href":"https:\/\/api.w.org\/{rel}","templated":true}]}}